{"id":2483,"date":"2017-04-26T05:50:30","date_gmt":"2017-04-26T10:50:30","guid":{"rendered":"http:\/\/aviaquebec.ca\/wp\/?p=2483"},"modified":"2022-04-28T09:38:45","modified_gmt":"2022-04-28T14:38:45","slug":"2017-04-26-soiree-porc-volaille","status":"publish","type":"post","link":"https:\/\/aviaquebec.ca\/wp\/2017-04-26-soiree-porc-volaille\/","title":{"rendered":"Soir\u00e9e Porc Volaille"},"content":{"rendered":"<p><strong>Dur\u00e9e de la formation: 3 hrs<\/strong><\/p>\n<p>Description de l&#8217;activit\u00e9 ou r\u00e9f\u00e9rences: Revue de l&#8217;\u00e9pid\u00e9miologie et des moyens de contr\u00f4le de l&#8217;influenza aviaire et porcin<\/p>\n<p><a href=\"https:\/\/aviaquebec.ca\/wp\/wp-content\/uploads\/Signature04_26_2017.pdf\">Attestation\u00a0\u00a0de pr\u00e9sence<\/a><\/p>\n<p><strong>Amy Vincent<\/strong>&#8211;  (45 min)<\/p>\n<p><strong>Amy Vincent<\/strong>&#8211;  (45 min)<\/p>\n<p><strong>Amy Vincent<\/strong>&#8211; (45 min)<\/p>\n<p><strong>Amy Vincent<\/strong>&#8211; (45 min)<\/p>\n<p><strong>Jean-Luc Gu\u00e9rin<\/strong> &#8211; [\/private] <a href=\"https:\/\/aviaquebec.ca\/wp\/wp-content\/uploads\/GUERIN_AVIA_VAL.pdf\">Le\u00e7on d&#8217;influenza aviaire en France en 2015-2017: Parties 1 et 2<\/a>\u00a0[\/private](90 min)<\/p>\n<p>&nbsp;<\/p>\n","protected":false},"excerpt":{"rendered":"<p>Dur\u00e9e de la formation: 3 hrs Description de l&#8217;activit\u00e9 ou r\u00e9f\u00e9rences: Revue de l&#8217;\u00e9pid\u00e9miologie et des moyens de contr\u00f4le de l&#8217;influenza aviaire et porcin Attestation\u00a0\u00a0de pr\u00e9sence Amy Vincent&#8211; (45 min) Amy Vincent&#8211; (45 min) Amy Vincent&#8211; (45 min) Amy Vincent&#8211; (45 min) Jean-Luc Gu\u00e9rin &#8211; [\/private] Le\u00e7on d&#8217;influenza aviaire en France en 2015-2017: Parties 1&#8230;<\/p>\n","protected":false},"author":225,"featured_media":0,"comment_status":"open","ping_status":"open","sticky":false,"template":"","format":"standard","meta":{"_bbp_topic_count":0,"_bbp_reply_count":0,"_bbp_total_topic_count":0,"_bbp_total_reply_count":0,"_bbp_voice_count":0,"_bbp_anonymous_reply_count":0,"_bbp_topic_count_hidden":0,"_bbp_reply_count_hidden":0,"_bbp_forum_subforum_count":0},"categories":[1],"tags":[],"_links":{"self":[{"href":"https:\/\/aviaquebec.ca\/wp\/wp-json\/wp\/v2\/posts\/2483"}],"collection":[{"href":"https:\/\/aviaquebec.ca\/wp\/wp-json\/wp\/v2\/posts"}],"about":[{"href":"https:\/\/aviaquebec.ca\/wp\/wp-json\/wp\/v2\/types\/post"}],"author":[{"embeddable":true,"href":"https:\/\/aviaquebec.ca\/wp\/wp-json\/wp\/v2\/users\/225"}],"replies":[{"embeddable":true,"href":"https:\/\/aviaquebec.ca\/wp\/wp-json\/wp\/v2\/comments?post=2483"}],"version-history":[{"count":10,"href":"https:\/\/aviaquebec.ca\/wp\/wp-json\/wp\/v2\/posts\/2483\/revisions"}],"predecessor-version":[{"id":4437,"href":"https:\/\/aviaquebec.ca\/wp\/wp-json\/wp\/v2\/posts\/2483\/revisions\/4437"}],"wp:attachment":[{"href":"https:\/\/aviaquebec.ca\/wp\/wp-json\/wp\/v2\/media?parent=2483"}],"wp:term":[{"taxonomy":"category","embeddable":true,"href":"https:\/\/aviaquebec.ca\/wp\/wp-json\/wp\/v2\/categories?post=2483"},{"taxonomy":"post_tag","embeddable":true,"href":"https:\/\/aviaquebec.ca\/wp\/wp-json\/wp\/v2\/tags?post=2483"}],"curies":[{"name":"wp","href":"https:\/\/api.w.org\/{rel}","templated":true}]}}