{"id":1830,"date":"2014-09-30T18:37:18","date_gmt":"2014-09-30T23:37:18","guid":{"rendered":"http:\/\/aviaquebec.ca\/wp\/?p=1830"},"modified":"2022-04-28T09:53:04","modified_gmt":"2022-04-28T14:53:04","slug":"2014-09-30-journee-mixte","status":"publish","type":"post","link":"https:\/\/aviaquebec.ca\/wp\/2014-09-30-journee-mixte\/","title":{"rendered":"Journ\u00e9e mixte"},"content":{"rendered":"<p><strong>Commandit\u00e9e par Zoetis et Vetoquinol<\/strong><\/p>\n<p><a href=\"https:\/\/aviaquebec.ca\/wp\/wp-content\/uploads\/private\/conferences\/Motions%20ex\u00e9cutif pour le 31 oct.pdf\"><strong>Motions de l&#8217;ex\u00e9cutif<\/strong><\/a><\/p>\n<p><strong>Mike Petrik<\/strong> &#8211; <a href=\"https:\/\/aviaquebec.ca\/wp\/wp-content\/uploads\/private\/conferences\/Mike%20Petrick-30 sept 2014.pdf\">Perception des consommateurs par rapport aux \u00e9levages \u00e0 grande \u00e9chelle et comment on peut s\u2019y prendre pour avoir une influence sur ces perceptions<\/a><\/p>\n<p><strong>Caroline Duchaine<\/strong> &#8211; <a href=\"https:\/\/aviaquebec.ca\/wp\/wp-content\/uploads\/private\/conferences\/Caroline%20Duchaine-30 sept 2014.pdf\">Les Bioa\u00e9rosols<\/a><\/p>\n<p><strong>Fran\u00e7ois Cardinal<\/strong> &#8211; <a href=\"https:\/\/aviaquebec.ca\/wp\/wp-content\/uploads\/private\/conferences\/Francois%20Cardinal-30 sept 2014.pdf\">Mise \u00e0 jour DEP<\/a><\/p>\n<p><strong>Christian Klopfenstein<\/strong> &#8211; <a href=\"https:\/\/aviaquebec.ca\/wp\/wp-content\/uploads\/private\/conferences\/Christian%20Klopfenstein-30 sept 2014.pdf\">Bios\u00e9curit\u00e9 des transports (DEP)<\/a><\/p>\n<p><strong>Diane Boucher<\/strong> &#8211; <a href=\"https:\/\/aviaquebec.ca\/wp\/wp-content\/uploads\/private\/conferences\/Diane%20Boucher - 30 sept 2014.pdf\">D\u00e9roulement d\u2019une enqu\u00eate Bien-\u00catre en ferme (volaille)<\/a><\/p>\n<p><strong>St\u00e9phane Beaudoin<\/strong> &#8211; \u00c9volution du dossier bien-\u00eatre animal avicole au Qu\u00e9bec (volaille)<\/p>\n","protected":false},"excerpt":{"rendered":"<p>Commandit\u00e9e par Zoetis et Vetoquinol Motions de l&#8217;ex\u00e9cutif Mike Petrik &#8211; Perception des consommateurs par rapport aux \u00e9levages \u00e0 grande \u00e9chelle et comment on peut s\u2019y prendre pour avoir une influence sur ces perceptions Caroline Duchaine &#8211; Les Bioa\u00e9rosols Fran\u00e7ois Cardinal &#8211; Mise \u00e0 jour DEP Christian Klopfenstein &#8211; Bios\u00e9curit\u00e9 des transports (DEP) Diane Boucher&#8230;<\/p>\n","protected":false},"author":143,"featured_media":0,"comment_status":"open","ping_status":"open","sticky":false,"template":"","format":"standard","meta":{"_bbp_topic_count":0,"_bbp_reply_count":0,"_bbp_total_topic_count":0,"_bbp_total_reply_count":0,"_bbp_voice_count":0,"_bbp_anonymous_reply_count":0,"_bbp_topic_count_hidden":0,"_bbp_reply_count_hidden":0,"_bbp_forum_subforum_count":0},"categories":[1],"tags":[],"_links":{"self":[{"href":"https:\/\/aviaquebec.ca\/wp\/wp-json\/wp\/v2\/posts\/1830"}],"collection":[{"href":"https:\/\/aviaquebec.ca\/wp\/wp-json\/wp\/v2\/posts"}],"about":[{"href":"https:\/\/aviaquebec.ca\/wp\/wp-json\/wp\/v2\/types\/post"}],"author":[{"embeddable":true,"href":"https:\/\/aviaquebec.ca\/wp\/wp-json\/wp\/v2\/users\/143"}],"replies":[{"embeddable":true,"href":"https:\/\/aviaquebec.ca\/wp\/wp-json\/wp\/v2\/comments?post=1830"}],"version-history":[{"count":8,"href":"https:\/\/aviaquebec.ca\/wp\/wp-json\/wp\/v2\/posts\/1830\/revisions"}],"predecessor-version":[{"id":4453,"href":"https:\/\/aviaquebec.ca\/wp\/wp-json\/wp\/v2\/posts\/1830\/revisions\/4453"}],"wp:attachment":[{"href":"https:\/\/aviaquebec.ca\/wp\/wp-json\/wp\/v2\/media?parent=1830"}],"wp:term":[{"taxonomy":"category","embeddable":true,"href":"https:\/\/aviaquebec.ca\/wp\/wp-json\/wp\/v2\/categories?post=1830"},{"taxonomy":"post_tag","embeddable":true,"href":"https:\/\/aviaquebec.ca\/wp\/wp-json\/wp\/v2\/tags?post=1830"}],"curies":[{"name":"wp","href":"https:\/\/api.w.org\/{rel}","templated":true}]}}